{"id":88,"date":"2008-12-20T14:51:54","date_gmt":"2008-12-20T12:51:54","guid":{"rendered":"http:\/\/www.chloegraftiaux.com\/?p=88"},"modified":"2011-03-28T10:36:28","modified_gmt":"2011-03-28T08:36:28","slug":"tout-ce-que-vous-voulez-savoir-sur-ma-saison-de-compet","status":"publish","type":"post","link":"https:\/\/www.chloegraftiaux.com\/?p=88","title":{"rendered":"Tout ce que vous voulez savoir sur ma saison de compet &#8230;"},"content":{"rendered":"<p><!--:en-->[lang_fr]<a href=\"http:\/\/www.chloegraftiaux.com\/wp-content\/uploads\/2008\/12\/paris-bercy-graftiaux-chloe-bloc2.png\"><img loading=\"lazy\" decoding=\"async\" class=\"alignleft size-thumbnail wp-image-89\" title=\"paris-bercy-graftiaux-chloe-bloc2\" src=\"http:\/\/www.chloegraftiaux.com\/wp-content\/uploads\/2008\/12\/paris-bercy-graftiaux-chloe-bloc2-100x100.png\" alt=\"\" width=\"100\" height=\"100\" \/><\/a>D\u00e9j\u00e0 la fin de l&rsquo;ann\u00e9e et la pr\u00e9paration de la prochaine saison pointe le bout de son nez : une bonne occasion donc de revenir sur celle-ci et d&rsquo;en faire l&rsquo;\u00e9valuation.<\/p>\n<p>J&rsquo;ai commenc\u00e9 par un d\u00e9but de saison assez merdique. Je me blesse \u00e0 la poulie d\u00e8s la premi\u00e8re manche de la coupe du monde en Autriche et cette douleur va me suivre jusqu&rsquo;\u00e0 la derni\u00e8re manche. Je prends un break de repos en juillet pour mon doigt. Ca allait depuis\u00a02 mois et je me refais mal une semaine avant les championnats d&rsquo;Europe. Ce n&rsquo;\u00e9tait pas gagn\u00e9 ! Je n&rsquo;avais rien \u00e0 y perdre donc j&rsquo;y suis all\u00e9e quand m\u00eame. Par chance, cette douleur ne m&rsquo;a pas trop ennuy\u00e9e puisque je finis par une bonne fin de saison avec deux bonnes places \u00e0 Bercy.<\/p>\n<p>En d\u00e9tail , ma saison de comp\u00e9tition peut se diviser en trois parties :<\/p>\n<p>[\/lang_fr]<!--:--><!--:fr--><a href=\"http:\/\/www.chloegraftiaux.com\/wp-content\/uploads\/2008\/12\/paris-bercy-graftiaux-chloe-bloc2.png\"><img loading=\"lazy\" decoding=\"async\" class=\"alignleft size-thumbnail wp-image-89\" title=\"paris-bercy-graftiaux-chloe-bloc2\" src=\"http:\/\/www.chloegraftiaux.com\/wp-content\/uploads\/2008\/12\/paris-bercy-graftiaux-chloe-bloc2-100x100.png\" alt=\"\" width=\"100\" height=\"100\" \/><\/a>D\u00e9j\u00e0 la fin de l&rsquo;ann\u00e9e et la pr\u00e9paration de la prochaine saison pointe le bout de son nez : une bonne occasion donc de revenir sur celle-ci et d&rsquo;en faire l&rsquo;\u00e9valuation.<\/p>\n<p>J&rsquo;ai commenc\u00e9 par un d\u00e9but de saison assez merdique. Je me blesse \u00e0 la poulie d\u00e8s la premi\u00e8re manche de la coupe du monde en Autriche et cette douleur va me suivre jusqu&rsquo;\u00e0 la derni\u00e8re manche. Je prends un break de repos en juillet pour mon doigt. Ca allait depuis\u00a02 mois et je me refais mal une semaine avant les championnats d&rsquo;Europe. Ce n&rsquo;\u00e9tait pas gagn\u00e9 ! Je n&rsquo;avais rien \u00e0 y perdre donc j&rsquo;y suis all\u00e9e quand m\u00eame. Par chance, cette douleur ne m&rsquo;a pas trop ennuy\u00e9e puisque je finis par une bonne fin de saison avec deux bonnes places \u00e0 Bercy.<\/p>\n<p>En d\u00e9tail , ma saison de comp\u00e9tition peut se diviser en trois parties :<\/p>\n<p><!--:--><!--more--><!--:en-->[lang_fr]<\/p>\n<p><strong>De la coupe du monde de Hall \u00e0 juillet 2008<\/strong> : la premi\u00e8re manche de la coupe se passe \u00e0 Hall. Je me qualifie pour les demi-finales et \u00e0 l&rsquo;\u00e9chauffement des demi, je me blesse (j&rsquo;entends un clac \u00e0 mon annuaire). N&rsquo;\u00e9tant pas tr\u00e8s douillette, je continue en strappant mon doigt mais je ne parviens pas \u00e0 bien tenir les prises. Au retour, je l\u00e8ve le pied. J&rsquo;h\u00e9site \u00e0 partir \u00e0 la R\u00e9union vu la douleur mais le voyage \u00e9tant organis\u00e9 et ayant moins mal, je d\u00e9cide de participer. En rentrant, je consulte le m\u00e9decin et fais une \u00e9chographie qui d\u00e9tecte une rupture partielle de poulie. Le m\u00e9decin me prescrit 45 jours d&rsquo;arr\u00eat. Mon kin\u00e9 me d\u00e9conseille d&rsquo;arr\u00eater pour ne pas atrophier le tendon du doigt et propose plut\u00f4t (\u00e9tant donn\u00e9 que c&rsquo;est en voie de cicatrisation) une poursuite des activit\u00e9s mais sans forcer. Je suis son conseil et j&rsquo;ench\u00e2ine sur les diff\u00e9rentes coupes du monde qui se suivent (Grindelwald, Vail, Fiera). Je participais aux comp\u00e9titions, puis repos, puis un peu d&rsquo;entra\u00eenement. Ce rythme \u00e9tait impos\u00e9 par ma blessure et le rapprochement des comp\u00e9titions. Je tiens le coup mais les r\u00e9sultats ne sont pas excellents, juste moyens. Malheureusement, \u00e0 Montauban, la douleur se r\u00e9veille vraiment et m&rsquo;impose de retourner voir le m\u00e9decin et de suivre durant le mois de juillet le mois de repos prescrit.<\/p>\n<p><strong>De fin juillet \u00e0 fin octobre<\/strong> : apr\u00e8s un bon moment d&rsquo;arr\u00eat, je d\u00e9cide de reprendre en me testant au TAB. Mon doigt tient le coup et les r\u00e9sultats sont au rendez-vous. Je finis 2i\u00e8me. J&rsquo;encha\u00eene avec des s\u00e9ances d&rsquo;entra\u00eenement importantes mais en faisant moins de bloc. Je vais surtout en falaises naturelles (Corse, Majorque, sites du sud de la France) . Je me teste \u00e0 l&rsquo;Open International de Scheveningen et au master Hollande-Belgique. Cela semble en bonne voie pour les championnats d&rsquo;Europe. La semaine pr\u00e9c\u00e9dant les championnats d&rsquo;Europe, je ressens \u00e0 nouveau une douleur \u00e0 mon doigt. Pas de chance mais c&rsquo;est comme \u00e7a, on fera avec !<\/p>\n<p><strong>La coupe du monde de <a href=\"http:\/\/www.chloegraftiaux.com\/?page_id=36&amp;album=CoupeDuMondeDeDifficult2008\">Puurs<\/a><\/strong> : je d\u00e9cide de participer \u00e0 la coupe du monde de Puurs en difficult\u00e9. En effet \u00e9tant donn\u00e9 que je vise une bonne place en combin\u00e9 au championnat d&rsquo;Europe, cela sera une bonne pr\u00e9paration. J&rsquo;y termine \u00e0\u00a0 une excellente 9i\u00e8me place. Je rate la finale d&rsquo;une place et je suis tr\u00e8s contente de ma prestation. J&rsquo;ai beaucoup travaill\u00e9 la continuit\u00e9 pour les championnats d&rsquo;Europe et cela paie. Je participe aussi \u00e0 la vitesse comme exercice pour les championnats d&rsquo;Europe .<\/p>\n<p><strong>Les <a href=\"http:\/\/www.chloegraftiaux.com\/?page_id=36&amp;album=ChampionnatDEuropeBercy\">championnats<\/a> d&rsquo;Europe<\/strong> : Juste avant les championnats d&rsquo;Europe, je participe \u00e0 la premi\u00e8re manche de la coupe de France de bloc. Je termine 2i\u00e8me. C&rsquo;est une derni\u00e8re pr\u00e9paration avant les championnats d&rsquo;Europe o\u00f9 je pense partir bien pr\u00e9par\u00e9e. En effet, je finis 4i\u00e8me en bloc et 3i\u00e8me au combin\u00e9. Je suis pas mal contente de ce r\u00e9sultat et puis participer \u00e0 une finale \u00e0 Bercy, c&rsquo;\u00e9tait GEANT !<\/p>\n<p><strong>Pour finir la saison, il me reste la derni\u00e8re manche de la coupe du monde \u00e0 Moscou <\/strong>o\u00f9 je finis 9i\u00e8me. Qualification et demi trop faciles, du coup pas droit \u00e0 l&rsquo;erreur. Je zippe au d\u00e9but d&rsquo;un bloc et puis petite erreur dans un autre bloc, \u00e7a fait 2 essais de trop pour rentrer en finale&#8230; En plus, pour la petite histoire, je rate mon avion au retour !<\/p>\n<p><strong>Ma saison en\u00a0une phrase \u00a0: Quand on commence mal, \u00e7a ne veut pas dire que tout est fini ! Faut toujours y croire jusqu&rsquo;au bout, tout peut se jouer sur la fin !<\/strong>[\/lang_fr]<!--:--><!--:fr--><\/p>\n<p><strong>De la coupe du monde de Hall \u00e0 juillet 2008<\/strong> : la premi\u00e8re manche de la coupe se passe \u00e0 Hall. Je me qualifie pour les demi-finales et \u00e0 l&rsquo;\u00e9chauffement des demi, je me blesse (j&rsquo;entends un clac \u00e0 mon annuaire). N&rsquo;\u00e9tant pas tr\u00e8s douillette, je continue en strappant mon doigt mais je ne parviens pas \u00e0 bien tenir les prises. Au retour, je l\u00e8ve le pied. J&rsquo;h\u00e9site \u00e0 partir \u00e0 la R\u00e9union vu la douleur mais le voyage \u00e9tant organis\u00e9 et ayant moins mal, je d\u00e9cide de participer. En rentrant, je consulte le m\u00e9decin et fais une \u00e9chographie qui d\u00e9tecte une rupture partielle de poulie. Le m\u00e9decin me prescrit 45 jours d&rsquo;arr\u00eat. Mon kin\u00e9 me d\u00e9conseille d&rsquo;arr\u00eater pour ne pas atrophier le tendon du doigt et propose plut\u00f4t (\u00e9tant donn\u00e9 que c&rsquo;est en voie de cicatrisation) une poursuite des activit\u00e9s mais sans forcer. Je suis son conseil et j&rsquo;ench\u00e2ine sur les diff\u00e9rentes coupes du monde qui se suivent (Grindelwald, Vail, Fiera). Je participais aux comp\u00e9titions, puis repos, puis un peu d&rsquo;entra\u00eenement. Ce rythme \u00e9tait impos\u00e9 par ma blessure et le rapprochement des comp\u00e9titions. Je tiens le coup mais les r\u00e9sultats ne sont pas excellents, juste moyens. Malheureusement, \u00e0 Montauban, la douleur se r\u00e9veille vraiment et m&rsquo;impose de retourner voir le m\u00e9decin et de suivre durant le mois de juillet le mois de repos prescrit.<\/p>\n<p><strong>De fin juillet \u00e0 fin octobre<\/strong> : apr\u00e8s un bon moment d&rsquo;arr\u00eat, je d\u00e9cide de reprendre en me testant au TAB. Mon doigt tient le coup et les r\u00e9sultats sont au rendez-vous. Je finis 2i\u00e8me. J&rsquo;encha\u00eene avec des s\u00e9ances d&rsquo;entra\u00eenement importantes mais en faisant moins de bloc. Je vais surtout en falaises naturelles (Corse, Majorque, sites du sud de la France) . Je me teste \u00e0 l&rsquo;Open International de Scheveningen et au master Hollande-Belgique. Cela semble en bonne voie pour les championnats d&rsquo;Europe. La semaine pr\u00e9c\u00e9dant les championnats d&rsquo;Europe, je ressens \u00e0 nouveau une douleur \u00e0 mon doigt. Pas de chance mais c&rsquo;est comme \u00e7a, on fera avec !<\/p>\n<p><strong>La coupe du monde de <a href=\"http:\/\/www.chloegraftiaux.com\/?page_id=36&amp;album=CoupeDuMondeDeDifficult2008\">Puurs<\/a><\/strong> : je d\u00e9cide de participer \u00e0 la coupe du monde de Puurs en difficult\u00e9. En effet \u00e9tant donn\u00e9 que je vise une bonne place en combin\u00e9 au championnat d&rsquo;Europe, cela sera une bonne pr\u00e9paration. J&rsquo;y termine \u00e0\u00a0 une excellente 9i\u00e8me place. Je rate la finale d&rsquo;une place et je suis tr\u00e8s contente de ma prestation. J&rsquo;ai beaucoup travaill\u00e9 la continuit\u00e9 pour les championnats d&rsquo;Europe et cela paie. Je participe aussi \u00e0 la vitesse comme exercice pour les championnats d&rsquo;Europe .<\/p>\n<p><strong>Les <a href=\"http:\/\/www.chloegraftiaux.com\/?page_id=36&amp;album=ChampionnatDEuropeBercy\">championnats<\/a> d&rsquo;Europe<\/strong> : Juste avant les championnats d&rsquo;Europe, je participe \u00e0 la premi\u00e8re manche de la coupe de France de bloc. Je termine 2i\u00e8me. C&rsquo;est une derni\u00e8re pr\u00e9paration avant les championnats d&rsquo;Europe o\u00f9 je pense partir bien pr\u00e9par\u00e9e. En effet, je finis 4i\u00e8me en bloc et 3i\u00e8me au combin\u00e9. Je suis pas mal contente de ce r\u00e9sultat et puis participer \u00e0 une finale \u00e0 Bercy, c&rsquo;\u00e9tait GEANT !<\/p>\n<p><strong>Pour finir la saison, il me reste la derni\u00e8re manche de la coupe du monde \u00e0 Moscou <\/strong>o\u00f9 je finis 9i\u00e8me. Qualification et demi trop faciles, du coup pas droit \u00e0 l&rsquo;erreur. Je zippe au d\u00e9but d&rsquo;un bloc et puis petite erreur dans un autre bloc, \u00e7a fait 2 essais de trop pour rentrer en finale&#8230; En plus, pour la petite histoire, je rate mon avion au retour !<\/p>\n<p><strong>Ma saison en\u00a0une phrase \u00a0: Quand on commence mal, \u00e7a ne veut pas dire que tout est fini ! Faut toujours y croire jusqu&rsquo;au bout, tout peut se jouer sur la fin !<\/strong><!--:--><\/p>\n","protected":false},"excerpt":{"rendered":"<p>[lang_fr]D\u00e9j\u00e0 la fin de l&rsquo;ann\u00e9e et la pr\u00e9paration de la prochaine saison pointe le bout de son nez : une bonne occasion donc de revenir sur celle-ci et d&rsquo;en faire l&rsquo;\u00e9valuation. J&rsquo;ai commenc\u00e9 par un d\u00e9but de saison assez merdique. Je me blesse \u00e0 la poulie d\u00e8s la premi\u00e8re manche de la coupe du monde &hellip; <\/p>\n<p class=\"link-more\"><a href=\"https:\/\/www.chloegraftiaux.com\/?p=88\" class=\"more-link\">Continuer la lecture<span class=\"screen-reader-text\"> de &laquo;&nbsp;Tout ce que vous voulez savoir sur ma saison de compet &#8230;&nbsp;&raquo;<\/span><\/a><\/p>\n","protected":false},"author":1,"featured_media":0,"comment_status":"open","ping_status":"open","sticky":false,"template":"","format":"standard","meta":{"ngg_post_thumbnail":0,"footnotes":""},"categories":[9],"tags":[63,22,62,127,128,61],"class_list":["post-88","post","type-post","status-publish","format-standard","hentry","category-competition","tag-bercy","tag-boulder","tag-championnat-deurope-2008","tag-competition","tag-escalade","tag-worldcup-2008"],"_links":{"self":[{"href":"https:\/\/www.chloegraftiaux.com\/index.php?rest_route=\/wp\/v2\/posts\/88","targetHints":{"allow":["GET"]}}],"collection":[{"href":"https:\/\/www.chloegraftiaux.com\/index.php?rest_route=\/wp\/v2\/posts"}],"about":[{"href":"https:\/\/www.chloegraftiaux.com\/index.php?rest_route=\/wp\/v2\/types\/post"}],"author":[{"embeddable":true,"href":"https:\/\/www.chloegraftiaux.com\/index.php?rest_route=\/wp\/v2\/users\/1"}],"replies":[{"embeddable":true,"href":"https:\/\/www.chloegraftiaux.com\/index.php?rest_route=%2Fwp%2Fv2%2Fcomments&post=88"}],"version-history":[{"count":0,"href":"https:\/\/www.chloegraftiaux.com\/index.php?rest_route=\/wp\/v2\/posts\/88\/revisions"}],"wp:attachment":[{"href":"https:\/\/www.chloegraftiaux.com\/index.php?rest_route=%2Fwp%2Fv2%2Fmedia&parent=88"}],"wp:term":[{"taxonomy":"category","embeddable":true,"href":"https:\/\/www.chloegraftiaux.com\/index.php?rest_route=%2Fwp%2Fv2%2Fcategories&post=88"},{"taxonomy":"post_tag","embeddable":true,"href":"https:\/\/www.chloegraftiaux.com\/index.php?rest_route=%2Fwp%2Fv2%2Ftags&post=88"}],"curies":[{"name":"wp","href":"https:\/\/api.w.org\/{rel}","templated":true}]}}