{"id":715,"date":"2010-08-29T15:20:24","date_gmt":"2010-08-29T13:20:24","guid":{"rendered":"http:\/\/www.chloegraftiaux.com\/?p=715"},"modified":"2019-12-17T16:10:57","modified_gmt":"2019-12-17T14:10:57","slug":"et-en-belgique","status":"publish","type":"post","link":"https:\/\/www.chloegraftiaux.com\/?p=715&lang=en","title":{"rendered":"Et en Belgique&#8230;"},"content":{"rendered":"<p><a href=\"http:\/\/www.chloegraftiaux.com\/wp-content\/uploads\/2010\/08\/p10006941.jpg\"><img loading=\"lazy\" decoding=\"async\" class=\"aligncenter size-full wp-image-317\" title=\"p10006941\" src=\"http:\/\/www.chloegraftiaux.com\/wp-content\/uploads\/2010\/08\/p10006941.jpg\" alt=\"\" width=\"500\" height=\"666\" srcset=\"https:\/\/www.chloegraftiaux.com\/wp-content\/uploads\/2010\/08\/p10006941.jpg 2304w, https:\/\/www.chloegraftiaux.com\/wp-content\/uploads\/2010\/08\/p10006941-225x300.jpg 225w\" sizes=\"auto, (max-width: 500px) 100vw, 500px\" \/><\/a><\/p>\n<p>Pour permettre \u00e0 tout le monde de nous rejoindre pour partager quelques moments en lien avec Chlo\u00e9, surtout ceux qui sont partis aux championnats du monde d&rsquo;escalade junior \u00e0 Edimbourg, nous avons d\u00e9cid\u00e9 de d\u00e9placer l&rsquo;hommage de Chlo\u00e9 en Belgique. Il aura bien lieu le dimanche 12 septembre mais \u00e0 <strong>18h <\/strong>\u00e0 la place de 15h. D&rsquo;autre part, nous retrouverons plut\u00f4t \u00e0 la salle d&rsquo;escalade de Roc Evasion \u00e0 Jambes (rue d&rsquo;Enhaive 142, derri\u00e8re la piscine ). Merci \u00e0 vous tous.<\/p>\n","protected":false},"excerpt":{"rendered":"<p>Pour permettre \u00e0 tout le monde de nous rejoindre pour partager quelques moments en lien avec Chlo\u00e9, surtout ceux qui sont partis aux championnats du monde d&rsquo;escalade junior \u00e0 Edimbourg, nous avons d\u00e9cid\u00e9 de d\u00e9placer l&rsquo;hommage de Chlo\u00e9 en Belgique. Il aura bien lieu le dimanche 12 septembre mais \u00e0 18h \u00e0 la place de &hellip; <\/p>\n<p class=\"link-more\"><a href=\"https:\/\/www.chloegraftiaux.com\/?p=715&#038;lang=en\" class=\"more-link\">Continuer la lecture<span class=\"screen-reader-text\"> de &laquo;&nbsp;Et en Belgique&#8230;&nbsp;&raquo;<\/span><\/a><\/p>\n","protected":false},"author":1,"featured_media":0,"comment_status":"open","ping_status":"open","sticky":false,"template":"","format":"standard","meta":{"ngg_post_thumbnail":0,"footnotes":""},"categories":[133,134,135,136,137,138,130],"tags":[],"class_list":["post-715","post","type-post","status-publish","format-standard","hentry","category-competition-en","category-escalade-en","category-glace-en","category-grandes_voies-en","category-montagne-en","category-ski-en","category-uncategorized"],"_links":{"self":[{"href":"https:\/\/www.chloegraftiaux.com\/index.php?rest_route=\/wp\/v2\/posts\/715","targetHints":{"allow":["GET"]}}],"collection":[{"href":"https:\/\/www.chloegraftiaux.com\/index.php?rest_route=\/wp\/v2\/posts"}],"about":[{"href":"https:\/\/www.chloegraftiaux.com\/index.php?rest_route=\/wp\/v2\/types\/post"}],"author":[{"embeddable":true,"href":"https:\/\/www.chloegraftiaux.com\/index.php?rest_route=\/wp\/v2\/users\/1"}],"replies":[{"embeddable":true,"href":"https:\/\/www.chloegraftiaux.com\/index.php?rest_route=%2Fwp%2Fv2%2Fcomments&post=715"}],"version-history":[{"count":0,"href":"https:\/\/www.chloegraftiaux.com\/index.php?rest_route=\/wp\/v2\/posts\/715\/revisions"}],"wp:attachment":[{"href":"https:\/\/www.chloegraftiaux.com\/index.php?rest_route=%2Fwp%2Fv2%2Fmedia&parent=715"}],"wp:term":[{"taxonomy":"category","embeddable":true,"href":"https:\/\/www.chloegraftiaux.com\/index.php?rest_route=%2Fwp%2Fv2%2Fcategories&post=715"},{"taxonomy":"post_tag","embeddable":true,"href":"https:\/\/www.chloegraftiaux.com\/index.php?rest_route=%2Fwp%2Fv2%2Ftags&post=715"}],"curies":[{"name":"wp","href":"https:\/\/api.w.org\/{rel}","templated":true}]}}