{"id":707,"date":"2010-09-05T11:10:10","date_gmt":"2010-09-05T09:10:10","guid":{"rendered":"http:\/\/www.chloegraftiaux.com\/?p=707"},"modified":"2019-12-17T16:07:01","modified_gmt":"2019-12-17T14:07:01","slug":"disparition-dune-fee-en-montagne","status":"publish","type":"post","link":"https:\/\/www.chloegraftiaux.com\/?p=707&lang=en","title":{"rendered":"Disparition d&rsquo;une f\u00e9e en montagne"},"content":{"rendered":"<div>J&rsquo;ai rencontr\u00e9 Chlo\u00e9 \u00e0 la suite d&rsquo;un message sur le net \u00ab\u00a0Cherche des gens pour grimper en salle sur Grenoble pour pr\u00e9parer le probatoire du BE escalade\u00a0\u00bb. Ca tombait bien moi aussi, le rendez-vous fut pris et la s\u00e9ance faite. Elle m&rsquo;a tout de suite impressionn\u00e9 et marqu\u00e9, si mignonne avec ses doutes malgr\u00e9 son 7c \u00e0 vue et une liste de courses exemplaires&#8230;<\/div>\n<div>Elle se r\u00e9gala aux UF : apprendre \u00e0 transmettre sa passion, le r\u00eave ! Elle marqua les esprits par son sourire, sa facilit\u00e9, sa simplicit\u00e9. \u00ab\u00a0L&rsquo;\u00e2me de notre UF2\u00a0\u00bb disaient les copains. Et pour finir une excellente note de p\u00e9dagogie \u00e0 l&rsquo;examen final.<\/div>\n<div>La suite fut pour moi un r\u00eave, j&rsquo;avais trouv\u00e9 la compagne de cord\u00e9e id\u00e9ale. Nous attaqu\u00e2mes ensemble la liste de courses pour devenir aspirant guide. Dur pour le moral de voir une si jolie fille toujours devant avec le sourire alors que je n&rsquo;en pouvais plus. Infatigable, en parall\u00e8le, elle cartonnait tout et commen\u00e7ait \u00e0 se faire un nom en comp\u00e9tition internationale de bloc.<\/div>\n<div>Notre travail au bureau des guides de Savoie Maurienne a accentu\u00e9 notre complicit\u00e9. Humble vis-\u00e0-vis de nous et de ses clients, elle ne d\u00e9voilait jamais ses r\u00e9sultats en comp\u00e9tition. Elle venait souvent grimper avec nous le soir, nous apportant gr\u00e2ce \u00e0 sa motivation et sa bonne humeur la force qui nous manquait apr\u00e8s une journ\u00e9e de canyon. En sortant de ceux-ci, les clients lui demandaient souvent quel sport elle pratiquait pour \u00eatre aussi muscl\u00e9e. Elle r\u00e9pondait avec son dr\u00f4le d&rsquo;accent belge : \u00ab\u00a0escalat\u00a0\u00bb. C&rsquo;\u00e9tait \u00e9merveillement et fiert\u00e9 quand notre pr\u00e9sident apprenait aux jeunes de banlieues d\u00e9favoris\u00e9es que leur monitrice \u00e9tait 1i\u00e8re au classement g\u00e9n\u00e9ral de la coupe du monde.<\/div>\n<div>L&rsquo;ann\u00e9e 2010 fut l&rsquo;ann\u00e9e de tous les exploits. Indestructible, elle \u00e9tait capable de gagner une coupe du monde de glace en Italie le we, skier toute la journ\u00e9e du lundi \u00e0 Serre Chevalier et tomber au dernier mouvement d&rsquo;un 8B flash le soir&#8230;Malgr\u00e9 le temps pass\u00e9 en montagne, elle finit 3i\u00e8me au classement g\u00e9n\u00e9ral de la coupe du monde de bloc avec 2 victoires !<\/div>\n<div>Nous allons tous regretter cette monitrice d&rsquo;escalade hors norme dont je ne peux pas vous conter toute la vie tellement elle la menait \u00e0 fond. Elle a disparu, en vivant sa passion, un 21 ao\u00fbt 2010 en descendant la Noire de Peuterey. La montagne a subitement repris la vie merveilleuse qu&rsquo;elle donnait \u00e0 Chlo\u00e9. Au revoir, la f\u00e9e Clochette, \u00e0 23 ans tu laisses une belle empreinte dans le monde de l&rsquo;escalade gr\u00e2ce \u00e0 tes qualit\u00e9s physiques, mentales et ton sourire charmeur&#8230;<\/div>\n<div>Bonne grimpe et merci d&rsquo;avoir embelli nos vies de grimpeurs.<\/div>\n<div>Fran\u00e7ois<\/div>\n","protected":false},"excerpt":{"rendered":"<p>J&rsquo;ai rencontr\u00e9 Chlo\u00e9 \u00e0 la suite d&rsquo;un message sur le net \u00ab\u00a0Cherche des gens pour grimper en salle sur Grenoble pour pr\u00e9parer le probatoire du BE escalade\u00a0\u00bb. Ca tombait bien moi aussi, le rendez-vous fut pris et la s\u00e9ance faite. Elle m&rsquo;a tout de suite impressionn\u00e9 et marqu\u00e9, si mignonne avec ses doutes malgr\u00e9 son &hellip; <\/p>\n<p class=\"link-more\"><a href=\"https:\/\/www.chloegraftiaux.com\/?p=707&#038;lang=en\" class=\"more-link\">Continuer la lecture<span class=\"screen-reader-text\"> de &laquo;&nbsp;Disparition d&rsquo;une f\u00e9e en montagne&nbsp;&raquo;<\/span><\/a><\/p>\n","protected":false},"author":1,"featured_media":0,"comment_status":"open","ping_status":"open","sticky":false,"template":"","format":"standard","meta":{"ngg_post_thumbnail":0,"footnotes":""},"categories":[130],"tags":[],"class_list":["post-707","post","type-post","status-publish","format-standard","hentry","category-uncategorized"],"_links":{"self":[{"href":"https:\/\/www.chloegraftiaux.com\/index.php?rest_route=\/wp\/v2\/posts\/707","targetHints":{"allow":["GET"]}}],"collection":[{"href":"https:\/\/www.chloegraftiaux.com\/index.php?rest_route=\/wp\/v2\/posts"}],"about":[{"href":"https:\/\/www.chloegraftiaux.com\/index.php?rest_route=\/wp\/v2\/types\/post"}],"author":[{"embeddable":true,"href":"https:\/\/www.chloegraftiaux.com\/index.php?rest_route=\/wp\/v2\/users\/1"}],"replies":[{"embeddable":true,"href":"https:\/\/www.chloegraftiaux.com\/index.php?rest_route=%2Fwp%2Fv2%2Fcomments&post=707"}],"version-history":[{"count":0,"href":"https:\/\/www.chloegraftiaux.com\/index.php?rest_route=\/wp\/v2\/posts\/707\/revisions"}],"wp:attachment":[{"href":"https:\/\/www.chloegraftiaux.com\/index.php?rest_route=%2Fwp%2Fv2%2Fmedia&parent=707"}],"wp:term":[{"taxonomy":"category","embeddable":true,"href":"https:\/\/www.chloegraftiaux.com\/index.php?rest_route=%2Fwp%2Fv2%2Fcategories&post=707"},{"taxonomy":"post_tag","embeddable":true,"href":"https:\/\/www.chloegraftiaux.com\/index.php?rest_route=%2Fwp%2Fv2%2Ftags&post=707"}],"curies":[{"name":"wp","href":"https:\/\/api.w.org\/{rel}","templated":true}]}}