{"id":703,"date":"2010-09-05T11:47:35","date_gmt":"2010-09-05T09:47:35","guid":{"rendered":"http:\/\/www.chloegraftiaux.com\/?p=703"},"modified":"2019-12-17T16:05:00","modified_gmt":"2019-12-17T14:05:00","slug":"de-lequipe-du-gean","status":"publish","type":"post","link":"https:\/\/www.chloegraftiaux.com\/?p=703&lang=en","title":{"rendered":"De l&rsquo;\u00e9quipe du Gean"},"content":{"rendered":"<p>Dimanche 22 ao\u00fbt, malgr\u00e9 le week-end ensoleill\u00e9 sur Chamonix, le petit monde de la montagne est bien triste, Chlo\u00e9 nous a quitt\u00e9. A 23 ans, l&rsquo;\u00e9toile a fil\u00e9 dans la descente de l&rsquo;aiguille noire de Peuterey, emport\u00e9e par un bloc. Pour citer Rheinold Messner : \u00ab\u00a0La montagne n&rsquo;est ni juste, ni injuste, elle est seulement dangereuse.\u00a0\u00bb En tant qu&rsquo;alpiniste, la montagne peut t&rsquo;apporter un plaisir et une joie immense mais en une fraction de seconde, elle peut te reprendre tout ce que tu aimes.<\/p>\n<p>La veille encore, on discutait tous ensemble, les membres du Caf excellence alpinisme, pour pr\u00e9parer l&rsquo;exp\u00e9 en Inde, \u00e0 laquelle Chlo\u00e9 devait participer. Elle \u00e9tait l\u00e0, avec sa casquette et son sourire habituel, motiv\u00e9e comme on la conna\u00eet. Et c&rsquo;est ce qu&rsquo;on retiendra de cette fille exceptionnelle : son \u00e9nergie, sa joie de vivre, sa bonne humeur et son sourire quotidien.<\/p>\n<p>Chlo\u00e9 ma\u00eetrisait \u00e0 la perfection toutes les disciplines de la montagne : escalade, glace, mixte, alpinisme. Elle n&rsquo;\u00e9tait pas seulement forte pour une fille, elle \u00e9tait forte tout simplement. Et pour tous les membres de l&rsquo;\u00e9quipe, c&rsquo;\u00e9tait un r\u00e9el plaisir que d&rsquo;aller en montagne avec elle.<\/p>\n<p>C&rsquo;est dur pour nous tous, mais on se doit de maintenir cette exp\u00e9 en Inde, juste parce que c&rsquo;est ce que Chlo\u00e9 aurait aim\u00e9. Au Baghirati, elle sera avec nous, dans nos pens\u00e9es et dans nos coeurs.<\/p>\n","protected":false},"excerpt":{"rendered":"<p>Dimanche 22 ao\u00fbt, malgr\u00e9 le week-end ensoleill\u00e9 sur Chamonix, le petit monde de la montagne est bien triste, Chlo\u00e9 nous a quitt\u00e9. A 23 ans, l&rsquo;\u00e9toile a fil\u00e9 dans la descente de l&rsquo;aiguille noire de Peuterey, emport\u00e9e par un bloc. Pour citer Rheinold Messner : \u00ab\u00a0La montagne n&rsquo;est ni juste, ni injuste, elle est seulement &hellip; <\/p>\n<p class=\"link-more\"><a href=\"https:\/\/www.chloegraftiaux.com\/?p=703&#038;lang=en\" class=\"more-link\">Continuer la lecture<span class=\"screen-reader-text\"> de &laquo;&nbsp;De l&rsquo;\u00e9quipe du Gean&nbsp;&raquo;<\/span><\/a><\/p>\n","protected":false},"author":1,"featured_media":0,"comment_status":"open","ping_status":"open","sticky":false,"template":"","format":"standard","meta":{"ngg_post_thumbnail":0,"footnotes":""},"categories":[130],"tags":[],"class_list":["post-703","post","type-post","status-publish","format-standard","hentry","category-uncategorized"],"_links":{"self":[{"href":"https:\/\/www.chloegraftiaux.com\/index.php?rest_route=\/wp\/v2\/posts\/703","targetHints":{"allow":["GET"]}}],"collection":[{"href":"https:\/\/www.chloegraftiaux.com\/index.php?rest_route=\/wp\/v2\/posts"}],"about":[{"href":"https:\/\/www.chloegraftiaux.com\/index.php?rest_route=\/wp\/v2\/types\/post"}],"author":[{"embeddable":true,"href":"https:\/\/www.chloegraftiaux.com\/index.php?rest_route=\/wp\/v2\/users\/1"}],"replies":[{"embeddable":true,"href":"https:\/\/www.chloegraftiaux.com\/index.php?rest_route=%2Fwp%2Fv2%2Fcomments&post=703"}],"version-history":[{"count":0,"href":"https:\/\/www.chloegraftiaux.com\/index.php?rest_route=\/wp\/v2\/posts\/703\/revisions"}],"wp:attachment":[{"href":"https:\/\/www.chloegraftiaux.com\/index.php?rest_route=%2Fwp%2Fv2%2Fmedia&parent=703"}],"wp:term":[{"taxonomy":"category","embeddable":true,"href":"https:\/\/www.chloegraftiaux.com\/index.php?rest_route=%2Fwp%2Fv2%2Fcategories&post=703"},{"taxonomy":"post_tag","embeddable":true,"href":"https:\/\/www.chloegraftiaux.com\/index.php?rest_route=%2Fwp%2Fv2%2Ftags&post=703"}],"curies":[{"name":"wp","href":"https:\/\/api.w.org\/{rel}","templated":true}]}}