{"id":531,"date":"2013-10-10T15:13:24","date_gmt":"2013-10-10T13:13:24","guid":{"rendered":"http:\/\/www.chloegraftiaux.com\/?p=531"},"modified":"2013-10-10T15:13:24","modified_gmt":"2013-10-10T13:13:24","slug":"quand-les-jeunes-de-linstitut-des-jeunes-aveugles-grimpent","status":"publish","type":"post","link":"https:\/\/www.chloegraftiaux.com\/?p=531","title":{"rendered":"<!--:fr-->Quand les jeunes de l&rsquo;Institut des jeunes aveugles grimpent&#8230;.<!--:-->"},"content":{"rendered":"<p><!--:fr--><a href=\"http:\/\/www.chloegraftiaux.com\/wp-content\/uploads\/2013\/06\/visuel-officiel-1-ijagrimpe1.png\"><img loading=\"lazy\" decoding=\"async\" class=\"alignleft  wp-image-499\" alt=\"visuel officiel 1 ijagrimpe\" src=\"http:\/\/www.chloegraftiaux.com\/wp-content\/uploads\/2013\/06\/visuel-officiel-1-ijagrimpe1.png\" width=\"480\" height=\"436\" \/><\/a>C&rsquo;est\u00a0 un monde nouveau qui s&rsquo;ouvrent \u00e0 eux : le monde de la verticalit\u00e9, le monde du mouvement, le monde de la rencontre avec des grimpeurs valides, la d\u00e9couverte de la nature autrement&#8230;. bref l&rsquo;aventure !<\/p>\n<p>C&rsquo;est cette aventure que nous invitons \u00e0 d\u00e9couvrir dans \u00a0le document \u00a0diffus\u00e9 sur France 5 \u00e0 l&rsquo;occasion de\u00a0leur week-end escalade dans les<br \/>\nenvirons de Cahors. Il s&rsquo;agit de l&rsquo;\u00e9mission \u00ab\u00a0<a href=\"http:\/\/www.france5.fr\/emissions\/a-vous-de-voir\">A vous de voir \u00a0\u00bb du 02 septembre 2013. <\/a><\/p>\n<p><strong>A d\u00e9couvrir, tr\u00e8s int\u00e9ressant&#8230;<\/strong><\/p>\n<p>N&rsquo;h\u00e9sitez pas non plus \u00e0 visiter leur <a href=\"http:\/\/ijagrimpe.over-blog.com\/\">blog <\/a><!--:--><\/p>\n","protected":false},"excerpt":{"rendered":"<p>C&rsquo;est\u00a0 un monde nouveau qui s&rsquo;ouvrent \u00e0 eux : le monde de la verticalit\u00e9, le monde du mouvement, le monde de la rencontre avec des grimpeurs valides, la d\u00e9couverte de la nature autrement&#8230;. bref l&rsquo;aventure ! C&rsquo;est cette aventure que nous invitons \u00e0 d\u00e9couvrir dans \u00a0le document \u00a0diffus\u00e9 sur France 5 \u00e0 l&rsquo;occasion de\u00a0leur week-end &hellip; <\/p>\n<p class=\"link-more\"><a href=\"https:\/\/www.chloegraftiaux.com\/?p=531\" class=\"more-link\">Continuer la lecture<span class=\"screen-reader-text\"> de &laquo;&nbsp;<!--:fr-->Quand les jeunes de l&rsquo;Institut des jeunes aveugles grimpent&#8230;.<!--:-->&nbsp;&raquo;<\/span><\/a><\/p>\n","protected":false},"author":1,"featured_media":0,"comment_status":"open","ping_status":"open","sticky":false,"template":"","format":"standard","meta":{"ngg_post_thumbnail":0,"footnotes":""},"categories":[109],"tags":[],"class_list":["post-531","post","type-post","status-publish","format-standard","hentry","category-association"],"_links":{"self":[{"href":"https:\/\/www.chloegraftiaux.com\/index.php?rest_route=\/wp\/v2\/posts\/531","targetHints":{"allow":["GET"]}}],"collection":[{"href":"https:\/\/www.chloegraftiaux.com\/index.php?rest_route=\/wp\/v2\/posts"}],"about":[{"href":"https:\/\/www.chloegraftiaux.com\/index.php?rest_route=\/wp\/v2\/types\/post"}],"author":[{"embeddable":true,"href":"https:\/\/www.chloegraftiaux.com\/index.php?rest_route=\/wp\/v2\/users\/1"}],"replies":[{"embeddable":true,"href":"https:\/\/www.chloegraftiaux.com\/index.php?rest_route=%2Fwp%2Fv2%2Fcomments&post=531"}],"version-history":[{"count":0,"href":"https:\/\/www.chloegraftiaux.com\/index.php?rest_route=\/wp\/v2\/posts\/531\/revisions"}],"wp:attachment":[{"href":"https:\/\/www.chloegraftiaux.com\/index.php?rest_route=%2Fwp%2Fv2%2Fmedia&parent=531"}],"wp:term":[{"taxonomy":"category","embeddable":true,"href":"https:\/\/www.chloegraftiaux.com\/index.php?rest_route=%2Fwp%2Fv2%2Fcategories&post=531"},{"taxonomy":"post_tag","embeddable":true,"href":"https:\/\/www.chloegraftiaux.com\/index.php?rest_route=%2Fwp%2Fv2%2Ftags&post=531"}],"curies":[{"name":"wp","href":"https:\/\/api.w.org\/{rel}","templated":true}]}}