{"id":334,"date":"2010-09-05T11:20:54","date_gmt":"2010-09-05T09:20:54","guid":{"rendered":"http:\/\/www.chloegraftiaux.com\/?p=334"},"modified":"2019-12-17T16:05:41","modified_gmt":"2019-12-17T14:05:41","slug":"de-lieven","status":"publish","type":"post","link":"https:\/\/www.chloegraftiaux.com\/?p=334","title":{"rendered":"De Lieven"},"content":{"rendered":"<p>Wat zich die zaterdag afspeelde hoog in de bergen die Chlo\u00e9 zo liefhad, laat een grote leegte achter in mijn hart.<\/p>\n<p>Het moet ondertussen ongeveer zes jaar geleden dat ik Chlo\u00e9 voor het eerst zag. Eerst op de Worldcup in Puurs, als een jeugdig sterretje, later als een gepassionneerde en getalenteerde klimster die ik dankzij de vele wedstrijden als scheidsrechter steeds beter leerde kennen. Dat ze er voor koos om zich in Frankrijk te vestigen was een eigenlijk geen grote verrassing. Wie wil er niet zo dicht mogelijk bij die geliefde bergen zijn ?<\/p>\n<p>Jullie maakten haar droom waar, daar waar het voor velen bij dromen blijft. Hoeveel keer zagen we elkaar niet op wedstrijden zowel in Belg\u00efe als in het buitenland. Het was een heel aangename constante op de worldcups om toch steeds die bekende gezichten te zien met wie ik eens een praatje kon maken. Het zijn momenten die ik nog steeds koester in mijn hart.<\/p>\n<p>Zoveel mooie herinneringen aan Chlo\u00e9. Er slechts \u00e9\u00e9n uitkiezen, zou misschien afbreuk doen aan al de andere herinneringen, maar toch&#8230; 11 juli 2005, Chlo\u00e9 wint de Open nationale Jeunes in Chamonix en al lachend wordt er nadien nog gezegd dat ze samen met Alix en C\u00e9dric Lachat na de worlcup even de Mont-Blanc gaan beklimmen. Als ik nadien hoor dat ze dit ook echt gedaan hebben, is het meer dan duidelijk. Ze heeft een passie voor het klimmen in al zijn facetten. Al de mooie exploten in de jaren daarop bevestigden dit alleen maar.<\/p>\n<p>De leegte in mij hart vult zich met heel veel mooie herinneringen. Aan Chlo\u00e9, aan de wedstrijden, aan jullie, die dit allemaal maakten voor haar en er voor zorgden dat zij de kans kreeg om te doen wat ze graag deed. Zij leefde het leven.<\/p>\n<p>Ik ben er overtuigd dat ze hierboven goed op ons past, in berg en dal. Chlo\u00e9 zal steeds bij ons zijn. Zij leeft verder in onze harten.<\/p>\n","protected":false},"excerpt":{"rendered":"<p>Wat zich die zaterdag afspeelde hoog in de bergen die Chlo\u00e9 zo liefhad, laat een grote leegte achter in mijn hart. Het moet ondertussen ongeveer zes jaar geleden dat ik Chlo\u00e9 voor het eerst zag. Eerst op de Worldcup in Puurs, als een jeugdig sterretje, later als een gepassionneerde en getalenteerde klimster die ik dankzij &hellip; <\/p>\n<p class=\"link-more\"><a href=\"https:\/\/www.chloegraftiaux.com\/?p=334\" class=\"more-link\">Continuer la lecture<span class=\"screen-reader-text\"> de &laquo;&nbsp;De Lieven&nbsp;&raquo;<\/span><\/a><\/p>\n","protected":false},"author":1,"featured_media":0,"comment_status":"open","ping_status":"open","sticky":false,"template":"","format":"standard","meta":{"ngg_post_thumbnail":0,"footnotes":""},"categories":[1],"tags":[],"class_list":["post-334","post","type-post","status-publish","format-standard","hentry","category-non-classifiee"],"_links":{"self":[{"href":"https:\/\/www.chloegraftiaux.com\/index.php?rest_route=\/wp\/v2\/posts\/334","targetHints":{"allow":["GET"]}}],"collection":[{"href":"https:\/\/www.chloegraftiaux.com\/index.php?rest_route=\/wp\/v2\/posts"}],"about":[{"href":"https:\/\/www.chloegraftiaux.com\/index.php?rest_route=\/wp\/v2\/types\/post"}],"author":[{"embeddable":true,"href":"https:\/\/www.chloegraftiaux.com\/index.php?rest_route=\/wp\/v2\/users\/1"}],"replies":[{"embeddable":true,"href":"https:\/\/www.chloegraftiaux.com\/index.php?rest_route=%2Fwp%2Fv2%2Fcomments&post=334"}],"version-history":[{"count":0,"href":"https:\/\/www.chloegraftiaux.com\/index.php?rest_route=\/wp\/v2\/posts\/334\/revisions"}],"wp:attachment":[{"href":"https:\/\/www.chloegraftiaux.com\/index.php?rest_route=%2Fwp%2Fv2%2Fmedia&parent=334"}],"wp:term":[{"taxonomy":"category","embeddable":true,"href":"https:\/\/www.chloegraftiaux.com\/index.php?rest_route=%2Fwp%2Fv2%2Fcategories&post=334"},{"taxonomy":"post_tag","embeddable":true,"href":"https:\/\/www.chloegraftiaux.com\/index.php?rest_route=%2Fwp%2Fv2%2Ftags&post=334"}],"curies":[{"name":"wp","href":"https:\/\/api.w.org\/{rel}","templated":true}]}}